{"id":33308,"date":"2025-09-09T12:09:00","date_gmt":"2025-09-09T17:09:00","guid":{"rendered":"https:\/\/transformaciondigital.supertransporte.gov.co\/?p=33308"},"modified":"2025-12-22T09:10:44","modified_gmt":"2025-12-22T14:10:44","slug":"informatic","status":"publish","type":"post","link":"https:\/\/transformaciondigital.supertransporte.gov.co\/index.php\/informatic\/informatic\/","title":{"rendered":"InformaTIC"},"content":{"rendered":"<p><div class=\"fusion-fullwidth fullwidth-box fusion-builder-row-1 fusion-flex-container has-pattern-background has-mask-background nonhundred-percent-fullwidth non-hundred-percent-height-scrolling\" style=\"--awb-border-sizes-top:2px;--awb-border-color:#da723f;--awb-border-radius-top-left:0px;--awb-border-radius-top-right:0px;--awb-border-radius-bottom-right:0px;--awb-border-radius-bottom-left:0px;--awb-padding-right:8vw;--awb-padding-left:8vw;--awb-flex-wrap:wrap;\" ><div class=\"fusion-builder-row fusion-row fusion-flex-align-items-flex-start fusion-flex-content-wrap\" style=\"max-width:104%;margin-left: calc(-4% \/ 2 );margin-right: calc(-4% \/ 2 );\"><div class=\"fusion-layout-column fusion_builder_column fusion-builder-column-0 fusion_builder_column_1_1 1_1 fusion-flex-column\" style=\"--awb-bg-size:cover;--awb-width-large:100%;--awb-margin-top-large:0px;--awb-spacing-right-large:1.92%;--awb-margin-bottom-large:0px;--awb-spacing-left-large:1.92%;--awb-width-medium:100%;--awb-order-medium:0;--awb-spacing-right-medium:1.92%;--awb-spacing-left-medium:1.92%;--awb-width-small:100%;--awb-order-small:0;--awb-spacing-right-small:1.92%;--awb-spacing-left-small:1.92%;\"><div class=\"fusion-column-wrapper fusion-column-has-shadow fusion-flex-justify-content-flex-start fusion-content-layout-column\"><div class=\"fusion-separator fusion-full-width-sep\" style=\"align-self: center;margin-left: auto;margin-right: auto;margin-top:10px;margin-bottom:10px;width:100%;\"><\/div><div class=\"fusion-text fusion-text-1\"><p style=\"text-align: left;\"><span style=\"color: #004884; font-size: 14px;\"><span style=\"text-decoration: underline;\"><a style=\"color: #004884; text-decoration: underline;\" title=\"Acceder a la p\u00e1gina\" href=\"https:\/\/transformaciondigital.supertransporte.gov.co\/\">Inicio<\/a><\/span> \/ <strong>InformaTIC<\/strong><\/span><\/p>\n<\/div><\/div><\/div><\/div><\/div><div class=\"fusion-fullwidth fullwidth-box fusion-builder-row-2 fusion-flex-container has-pattern-background has-mask-background fusion-parallax-none nonhundred-percent-fullwidth non-hundred-percent-height-scrolling\" style=\"--awb-border-radius-top-left:0px;--awb-border-radius-top-right:0px;--awb-border-radius-bottom-right:0px;--awb-border-radius-bottom-left:0px;--awb-padding-right:8vw;--awb-padding-left:8vw;--awb-background-image:url(&quot;https:\/\/transformaciondigital.supertransporte.gov.co\/wp-content\/uploads\/2025\/09\/InformaTICS.png&quot;);--awb-background-size:cover;--awb-flex-wrap:wrap;\" ><div class=\"fusion-builder-row fusion-row fusion-flex-align-items-flex-start fusion-flex-content-wrap\" style=\"max-width:104%;margin-left: calc(-4% \/ 2 );margin-right: calc(-4% \/ 2 );\"><div class=\"fusion-layout-column fusion_builder_column fusion-builder-column-1 fusion_builder_column_1_1 1_1 fusion-flex-column\" style=\"--awb-bg-size:cover;--awb-width-large:100%;--awb-margin-top-large:0px;--awb-spacing-right-large:1.92%;--awb-margin-bottom-large:0px;--awb-spacing-left-large:1.92%;--awb-width-medium:100%;--awb-order-medium:0;--awb-spacing-right-medium:1.92%;--awb-spacing-left-medium:1.92%;--awb-width-small:100%;--awb-order-small:0;--awb-spacing-right-small:1.92%;--awb-spacing-left-small:1.92%;\"><div class=\"fusion-column-wrapper fusion-column-has-shadow fusion-flex-justify-content-flex-start fusion-content-layout-column\"><div class=\"fusion-separator fusion-full-width-sep\" style=\"align-self: center;margin-left: auto;margin-right: auto;margin-top:5vw;width:100%;\"><\/div><div class=\"fusion-text fusion-text-2\"><h1>InformaTIC<\/h1>\n<\/div><div class=\"fusion-text fusion-text-3\"><p><strong>Conoce semana a semana los avances de la oficina TIC de la Supertransporte<\/strong><\/p>\n<\/div><div class=\"fusion-separator fusion-full-width-sep\" style=\"align-self: center;margin-left: auto;margin-right: auto;margin-bottom:5vw;width:100%;\"><\/div><\/div><\/div><\/div><\/div><div class=\"fusion-fullwidth fullwidth-box fusion-builder-row-3 fusion-flex-container has-pattern-background has-mask-background nonhundred-percent-fullwidth non-hundred-percent-height-scrolling\" style=\"--awb-border-radius-top-left:0px;--awb-border-radius-top-right:0px;--awb-border-radius-bottom-right:0px;--awb-border-radius-bottom-left:0px;--awb-padding-right:8vw;--awb-padding-left:8vw;--awb-flex-wrap:wrap;\" ><div class=\"fusion-builder-row fusion-row fusion-flex-align-items-flex-start fusion-flex-content-wrap\" style=\"max-width:104%;margin-left: calc(-4% \/ 2 );margin-right: calc(-4% \/ 2 );\"><div class=\"fusion-layout-column fusion_builder_column fusion-builder-column-2 fusion_builder_column_3_5 3_5 fusion-flex-column\" style=\"--awb-bg-size:cover;--awb-width-large:60%;--awb-margin-top-large:0px;--awb-spacing-right-large:3.2%;--awb-margin-bottom-large:0px;--awb-spacing-left-large:3.2%;--awb-width-medium:100%;--awb-order-medium:0;--awb-spacing-right-medium:1.92%;--awb-spacing-left-medium:1.92%;--awb-width-small:100%;--awb-order-small:0;--awb-spacing-right-small:1.92%;--awb-spacing-left-small:1.92%;\"><div class=\"fusion-column-wrapper fusion-column-has-shadow fusion-flex-justify-content-flex-start fusion-content-layout-column\"><\/div><\/div><div class=\"fusion-layout-column fusion_builder_column fusion-builder-column-3 fusion_builder_column_2_5 2_5 fusion-flex-column\" style=\"--awb-bg-size:cover;--awb-width-large:40%;--awb-margin-top-large:0px;--awb-spacing-right-large:4.8%;--awb-margin-bottom-large:0px;--awb-spacing-left-large:4.8%;--awb-width-medium:100%;--awb-order-medium:0;--awb-spacing-right-medium:1.92%;--awb-spacing-left-medium:1.92%;--awb-width-small:100%;--awb-order-small:0;--awb-spacing-right-small:1.92%;--awb-spacing-left-small:1.92%;\"><div class=\"fusion-column-wrapper fusion-column-has-shadow fusion-flex-justify-content-flex-start fusion-content-layout-column\"><\/div><\/div><\/div><\/div><div class=\"fusion-fullwidth fullwidth-box fusion-builder-row-4 fusion-flex-container has-pattern-background has-mask-background nonhundred-percent-fullwidth non-hundred-percent-height-scrolling\" style=\"--awb-border-radius-top-left:0px;--awb-border-radius-top-right:0px;--awb-border-radius-bottom-right:0px;--awb-border-radius-bottom-left:0px;--awb-padding-right:8vw;--awb-padding-left:8vw;--awb-flex-wrap:wrap;\" ><div class=\"fusion-builder-row fusion-row fusion-flex-align-items-flex-start fusion-flex-content-wrap\" style=\"max-width:104%;margin-left: calc(-4% \/ 2 );margin-right: calc(-4% \/ 2 );\"><div class=\"fusion-layout-column fusion_builder_column fusion-builder-column-4 fusion_builder_column_2_3 2_3 fusion-flex-column\" style=\"--awb-bg-size:cover;--awb-width-large:66.666666666667%;--awb-margin-top-large:0px;--awb-spacing-right-large:2.88%;--awb-margin-bottom-large:0px;--awb-spacing-left-large:2.88%;--awb-width-medium:100%;--awb-order-medium:0;--awb-spacing-right-medium:1.92%;--awb-spacing-left-medium:1.92%;--awb-width-small:100%;--awb-order-small:0;--awb-spacing-right-small:1.92%;--awb-spacing-left-small:1.92%;\"><div class=\"fusion-column-wrapper fusion-column-has-shadow fusion-flex-justify-content-flex-start fusion-content-layout-column\"><div class=\"fusion-separator fusion-full-width-sep\" style=\"align-self: center;margin-left: auto;margin-right: auto;margin-bottom:5px;width:100%;\"><\/div><div class=\"accordian fusion-accordian\" style=\"--awb-border-size:1px;--awb-icon-size:14px;--awb-content-font-size:16px;--awb-icon-alignment:left;--awb-hover-color:#f9f9f9;--awb-border-color:#cccccc;--awb-background-color:#ffffff;--awb-divider-color:#e0dede;--awb-divider-hover-color:#e0dede;--awb-icon-color:#ffffff;--awb-title-color:#000000;--awb-content-color:#4b4b4b;--awb-icon-box-color:#808080;--awb-toggle-hover-accent-color:#2c6651;--awb-title-font-family:&quot;Montserrat&quot;;--awb-title-font-weight:600;--awb-title-font-style:normal;--awb-title-font-size:15px;--awb-content-font-family:&quot;Work Sans&quot;;--awb-content-font-style:normal;--awb-content-font-weight:regular;\"><div class=\"panel-group fusion-toggle-icon-boxed\" id=\"accordion-33308-1\"><div class=\"fusion-panel panel-default panel-4b8050295b48bd011 fusion-toggle-no-divider fusion-toggle-boxed-mode\" style=\"--awb-title-color:#000000;\"><div class=\"panel-heading\"><h4 class=\"panel-title toggle\" id=\"toggle_4b8050295b48bd011\"><a class=\"active\" aria-expanded=\"true\" aria-controls=\"4b8050295b48bd011\" role=\"button\" data-toggle=\"collapse\" data-parent=\"#accordion-33308-1\" data-target=\"#4b8050295b48bd011\" href=\"#4b8050295b48bd011\"><span class=\"fusion-toggle-icon-wrapper\" aria-hidden=\"true\"><i class=\"fa-fusion-box active-icon awb-icon-minus\" aria-hidden=\"true\"><\/i><i class=\"fa-fusion-box inactive-icon awb-icon-plus\" aria-hidden=\"true\"><\/i><\/span><span class=\"fusion-toggle-heading\">Diciembre<\/span><\/a><\/h4><\/div><div id=\"4b8050295b48bd011\" class=\"panel-collapse collapse in\" aria-labelledby=\"toggle_4b8050295b48bd011\"><div class=\"panel-body toggle-content fusion-clearfix\">\n<ul>\n<li><strong>InformaTIC <\/strong>&#8211; <a title=\"Descargue documento\" href=\"https:\/\/transformaciondigital.supertransporte.gov.co\/documentos\/2025\/InformaTIC\/diciembre\/InformaTICS_15-19_Diciembre.pdf\" target=\"_blank\" rel=\"noopener\"><span style=\"text-decoration: underline;\">Clic aqu\u00ed para descargar las actividades del 15 al 19 de diciembre de 2025<\/span><\/a><\/li>\n<li><strong>InformaTIC <\/strong>&#8211; <span style=\"text-decoration: underline;\"><a title=\"Descargue documento\" href=\"https:\/\/transformaciondigital.supertransporte.gov.co\/documentos\/2025\/InformaTIC\/diciembre\/InformaTICS_01-05_de_Diciembre_2025.pdf\" target=\"_blank\" rel=\"noopener\">Clic aqu\u00ed para descargar las actividades del 01 al 05 de diciembre de 2025<\/a><\/span><\/li>\n<\/ul>\n<\/div><\/div><\/div><div class=\"fusion-panel panel-default panel-9a2b18a7588cbcf0b fusion-toggle-no-divider fusion-toggle-boxed-mode\" style=\"--awb-title-color:#000000;\"><div class=\"panel-heading\"><h4 class=\"panel-title toggle\" id=\"toggle_9a2b18a7588cbcf0b\"><a aria-expanded=\"false\" aria-controls=\"9a2b18a7588cbcf0b\" role=\"button\" data-toggle=\"collapse\" data-parent=\"#accordion-33308-1\" data-target=\"#9a2b18a7588cbcf0b\" href=\"#9a2b18a7588cbcf0b\"><span class=\"fusion-toggle-icon-wrapper\" aria-hidden=\"true\"><i class=\"fa-fusion-box active-icon awb-icon-minus\" aria-hidden=\"true\"><\/i><i class=\"fa-fusion-box inactive-icon awb-icon-plus\" aria-hidden=\"true\"><\/i><\/span><span class=\"fusion-toggle-heading\">Noviembre<\/span><\/a><\/h4><\/div><div id=\"9a2b18a7588cbcf0b\" class=\"panel-collapse collapse \" aria-labelledby=\"toggle_9a2b18a7588cbcf0b\"><div class=\"panel-body toggle-content fusion-clearfix\">\n<ul>\n<li><strong>InformaTIC <\/strong>&#8211; <a title=\"Descargue documento\" href=\"https:\/\/transformaciondigital.supertransporte.gov.co\/documentos\/2025\/InformaTIC\/noviembre\/InformaTICS_24-28_de_Noviembre.pdf\" target=\"_blank\" rel=\"noopener\"><span style=\"text-decoration: underline;\">Clic aqu\u00ed para descargar las actividades del 24 al 28 de noviembre de 2025<\/span><\/a><\/li>\n<li><strong>InformaTIC <\/strong>&#8211; <a title=\"Descargue documento\" href=\"https:\/\/transformaciondigital.supertransporte.gov.co\/documentos\/2025\/InformaTIC\/noviembre\/InformaTICS_17-21_de_Noviembre.pdf\" target=\"_blank\" rel=\"noopener\"><span style=\"text-decoration: underline;\">Clic aqu\u00ed para descargar las actividades del 17 al 21 de noviembre de 2025<\/span><\/a><\/li>\n<li><strong>InformaTIC <\/strong>&#8211; <a title=\"Descargue documento\" href=\"https:\/\/transformaciondigital.supertransporte.gov.co\/documentos\/2025\/InformaTIC\/noviembre\/InformaTICS_10-14.pdf\" target=\"_blank\" rel=\"noopener\"><span style=\"text-decoration: underline;\">Clic aqu\u00ed para descargar las actividades del 10 al 14 de noviembre de 2025<\/span><\/a><\/li>\n<li><strong>InformaTIC <\/strong>&#8211; <span style=\"text-decoration: underline;\"><a title=\"Descargue documento\" href=\"https:\/\/transformaciondigital.supertransporte.gov.co\/documentos\/2025\/InformaTIC\/noviembre\/InformaTICS_03-07_de_Noviembre.pdf\" target=\"_blank\" rel=\"noopener\">Clic aqu\u00ed para descargar las actividades del 03 al 07 de noviembre de 2025<\/a><\/span><\/li>\n<\/ul>\n<\/div><\/div><\/div><div class=\"fusion-panel panel-default panel-226b894f6251b471c fusion-toggle-no-divider fusion-toggle-boxed-mode\" style=\"--awb-title-color:#000000;\"><div class=\"panel-heading\"><h4 class=\"panel-title toggle\" id=\"toggle_226b894f6251b471c\"><a aria-expanded=\"false\" aria-controls=\"226b894f6251b471c\" role=\"button\" data-toggle=\"collapse\" data-parent=\"#accordion-33308-1\" data-target=\"#226b894f6251b471c\" href=\"#226b894f6251b471c\"><span class=\"fusion-toggle-icon-wrapper\" aria-hidden=\"true\"><i class=\"fa-fusion-box active-icon awb-icon-minus\" aria-hidden=\"true\"><\/i><i class=\"fa-fusion-box inactive-icon awb-icon-plus\" aria-hidden=\"true\"><\/i><\/span><span class=\"fusion-toggle-heading\">Octubre<\/span><\/a><\/h4><\/div><div id=\"226b894f6251b471c\" class=\"panel-collapse collapse \" aria-labelledby=\"toggle_226b894f6251b471c\"><div class=\"panel-body toggle-content fusion-clearfix\">\n<ul>\n<li><strong>InformaTIC <\/strong>&#8211; <span style=\"text-decoration: underline;\"><a title=\"Descargue documento\" href=\"https:\/\/transformaciondigital.supertransporte.gov.co\/documentos\/2025\/InformaTIC\/noviembre\/InformaTICS_27-31_Octubre.pdf\" target=\"_blank\" rel=\"noopener\">Clic aqu\u00ed para descargar las actividades del 27 al 30 de octubre de 2025<\/a><\/span><\/li>\n<li><strong>InformaTIC <\/strong>&#8211; <span style=\"text-decoration: underline;\"><a title=\"Descargue documento\" href=\"https:\/\/transformaciondigital.supertransporte.gov.co\/documentos\/2025\/informatic\/octubre\/InformaTIC_del_20_al_24_de_Octubre.pdf\" target=\"_blank\" rel=\"noopener\">Clic aqu\u00ed para descargar las actividades del 20 al 24 de octubre de 2025<\/a><\/span><\/li>\n<li><strong>InformaTIC <\/strong>&#8211; <a title=\"Descargue documento\" href=\"https:\/\/transformaciondigital.supertransporte.gov.co\/documentos\/2025\/InformaTIC\/octubre\/InformaTICS_13-17_OCT.pdf\" target=\"_blank\" rel=\"noopener\"><span style=\"text-decoration: underline;\">Clic aqu\u00ed para descargar las actividades del 13 al 17 de octubre de 2025<\/span><\/a><\/li>\n<li><strong>InformaTIC <\/strong>&#8211; <a title=\"Descargue documento\" href=\"\/documentos\/2025\/InformaTIC\/octubre\/INFORMATIC_06-10_DE_OCTUBRE.pdf\" target=\"_blank\" rel=\"noopener\"><span style=\"text-decoration: underline;\">Clic aqu\u00ed para descargar las actividades del 06 al 10 de octubre de 2025<\/span><\/a><\/li>\n<li><strong>InformaTIC<\/strong> &#8211; <a href=\"https:\/\/transformaciondigital.supertransporte.gov.co\/documentos\/2025\/InformaTIC\/octubre\/InformaTIC_29_Sep-03_Oct_2025.pdf\" target=\"_blank\" rel=\"noopener\"><span style=\"text-decoration: underline;\">Clic aqu\u00ed para descargar las actividades del <span data-olk-copy-source=\"MessageBody\">29 de septiembre al 03 de octubre<\/span> de 2025<\/span><\/a><\/li>\n<\/ul>\n<\/div><\/div><\/div><div class=\"fusion-panel panel-default panel-9523a5a57f9d618c5 fusion-toggle-no-divider fusion-toggle-boxed-mode\" style=\"--awb-title-color:#000000;\"><div class=\"panel-heading\"><h4 class=\"panel-title toggle\" id=\"toggle_9523a5a57f9d618c5\"><a aria-expanded=\"false\" aria-controls=\"9523a5a57f9d618c5\" role=\"button\" data-toggle=\"collapse\" data-parent=\"#accordion-33308-1\" data-target=\"#9523a5a57f9d618c5\" href=\"#9523a5a57f9d618c5\"><span class=\"fusion-toggle-icon-wrapper\" aria-hidden=\"true\"><i class=\"fa-fusion-box active-icon awb-icon-minus\" aria-hidden=\"true\"><\/i><i class=\"fa-fusion-box inactive-icon awb-icon-plus\" aria-hidden=\"true\"><\/i><\/span><span class=\"fusion-toggle-heading\">Septiembre<\/span><\/a><\/h4><\/div><div id=\"9523a5a57f9d618c5\" class=\"panel-collapse collapse \" aria-labelledby=\"toggle_9523a5a57f9d618c5\"><div class=\"panel-body toggle-content fusion-clearfix\">\n<ul>\n<li><strong>InformaTIC<\/strong> &#8211; <a href=\"https:\/\/transformaciondigital.supertransporte.gov.co\/documentos\/2025\/InformaTIC\/septiembre\/InformaTIC_22-26_de_Septiembre.pdf\"><span style=\"text-decoration: underline;\">Clic aqu\u00ed para descargar las actividades del 22 al 26 de septiembre de 2025<\/span><\/a><\/li>\n<li><strong>InformaTIC<\/strong> &#8211; <a href=\"https:\/\/transformaciondigital.supertransporte.gov.co\/documentos\/2025\/InformaTIC\/septiembre\/InformaTIC_15-19_Septiembre.pdf\" target=\"_blank\" rel=\"noopener\"><span style=\"text-decoration: underline;\">Clic aqu\u00ed para descargar las actividades del 15 al 19 de septiembre 2025<\/span><\/a><\/li>\n<li><strong>InformaTIC<\/strong> &#8211; <a href=\"https:\/\/transformaciondigital.supertransporte.gov.co\/documentos\/2025\/InformaTIC\/septiembre\/InformaTICS_8-12_Septiembre.pdf\" target=\"_blank\" rel=\"noopener\"><span style=\"text-decoration: underline;\">Clic aqu\u00ed para descargar las actividades del 8 al 12 de septiembre 2025<\/span><\/a><\/li>\n<li><strong>InformaTIC &#8211; <\/strong><a title=\"Descargue documento\" href=\"https:\/\/transformaciondigital.supertransporte.gov.co\/documentos\/2025\/InformaTIC\/septiembre\/Informatic_1-5_de_Sept.pdf\" target=\"_blank\" rel=\"noopener\"><span style=\"text-decoration: underline;\">Clic aqu\u00ed para descargar las actividades del 1 al 5 de septiembre 2025<\/span><\/a><\/li>\n<\/ul>\n<\/div><\/div><\/div><div class=\"fusion-panel panel-default panel-dfca5935910ee372b fusion-toggle-no-divider fusion-toggle-boxed-mode\" style=\"--awb-title-color:#000000;\"><div class=\"panel-heading\"><h4 class=\"panel-title toggle\" id=\"toggle_dfca5935910ee372b\"><a aria-expanded=\"false\" aria-controls=\"dfca5935910ee372b\" role=\"button\" data-toggle=\"collapse\" data-parent=\"#accordion-33308-1\" data-target=\"#dfca5935910ee372b\" href=\"#dfca5935910ee372b\"><span class=\"fusion-toggle-icon-wrapper\" aria-hidden=\"true\"><i class=\"fa-fusion-box active-icon awb-icon-minus\" aria-hidden=\"true\"><\/i><i class=\"fa-fusion-box inactive-icon awb-icon-plus\" aria-hidden=\"true\"><\/i><\/span><span class=\"fusion-toggle-heading\">Agosto<\/span><\/a><\/h4><\/div><div id=\"dfca5935910ee372b\" class=\"panel-collapse collapse \" aria-labelledby=\"toggle_dfca5935910ee372b\"><div class=\"panel-body toggle-content fusion-clearfix\">\n<ul>\n<li><strong>InformaTIC &#8211; <\/strong><a title=\"Descargue documento\" href=\"https:\/\/transformaciondigital.supertransporte.gov.co\/documentos\/2025\/InformaTIC\/agosto\/Informatic_25-31_de_Agosto.pdf\" target=\"_blank\" rel=\"noopener\"><span style=\"text-decoration: underline;\">Clic aqu\u00ed para descargar las actividades del 25 al 31 de agosto 2025<\/span><\/a><\/li>\n<li><strong>InformaTIC &#8211; <\/strong><span style=\"text-decoration: underline;\"><a title=\"Descargue documento\" href=\"https:\/\/transformaciondigital.supertransporte.gov.co\/documentos\/2025\/InformaTIC\/agosto\/InformaTIC_18-24_de_Agosto.pdf\" target=\"_blank\" rel=\"noopener\">Clic aqu\u00ed para descargar las actividades del 18 al 24 de agosto 2025<\/a><\/span><\/li>\n<li><strong>InformaTIC &#8211; <\/strong><a title=\"Descargue documento\" href=\"https:\/\/transformaciondigital.supertransporte.gov.co\/documentos\/2025\/InformaTIC\/agosto\/InformaTIC_11-17_de_Agosto.pdf\" target=\"_blank\" rel=\"noopener\"><span style=\"text-decoration: underline;\">Clic aqu\u00ed para descargar las actividades del 11 al 17 de agosto 2025<\/span><\/a><\/li>\n<li><strong>InformaTIC &#8211; <\/strong><a title=\"Descargue documento\" href=\"https:\/\/transformaciondigital.supertransporte.gov.co\/documentos\/2025\/InformaTIC\/agosto\/InformaTIC_04-10_de_Agosto.pdf\" target=\"_blank\" rel=\"noopener\"><span style=\"text-decoration: underline;\">Clic aqu\u00ed para descargar las actividades del 4 al 10 de agosto 2025<\/span><\/a><\/li>\n<li><strong>InformaTIC &#8211; <\/strong><a title=\"Descargue documento\" href=\"https:\/\/transformaciondigital.supertransporte.gov.co\/documentos\/2025\/InformaTIC\/agosto\/InformaTIC_28_de_Jul-03_Agosto.pdf\" target=\"_blank\" rel=\"noopener\"><span style=\"text-decoration: underline;\">Clic aqu\u00ed para descargar las actividades del 28 de julio al 3 de agosto 2025<\/span><\/a><\/li>\n<\/ul>\n<\/div><\/div><\/div><\/div><\/div><\/div><\/div><div class=\"fusion-layout-column fusion_builder_column fusion-builder-column-5 fusion_builder_column_1_3 1_3 fusion-flex-column\" style=\"--awb-bg-size:cover;--awb-width-large:33.333333333333%;--awb-margin-top-large:0px;--awb-spacing-right-large:5.76%;--awb-margin-bottom-large:0px;--awb-spacing-left-large:5.76%;--awb-width-medium:100%;--awb-order-medium:0;--awb-spacing-right-medium:1.92%;--awb-spacing-left-medium:1.92%;--awb-width-small:100%;--awb-order-small:0;--awb-spacing-right-small:1.92%;--awb-spacing-left-small:1.92%;\"><div class=\"fusion-column-wrapper fusion-column-has-shadow fusion-flex-justify-content-flex-start fusion-content-layout-column\"><div class=\"fusion-recent-posts fusion-recent-posts-1 avada-container layout-default layout-columns-1\"><section class=\"fusion-columns columns fusion-columns-1 columns-1\"><article class=\"post fusion-column column col col-lg-12 col-md-12 col-sm-12\"><div class=\"recent-posts-content\"><span class=\"vcard\" style=\"display: none;\"><span class=\"fn\"><a href=\"https:\/\/transformaciondigital.supertransporte.gov.co\/index.php\/author\/transformaciondigital\/\" title=\"Entradas de Transformaci\u00f3n Digital\" rel=\"author\">Transformaci\u00f3n Digital<\/a><\/span><\/span><span class=\"updated\" style=\"display:none;\">2025-09-10T18:05:22-05:00<\/span><h4 class=\"entry-title\"><a href=\"https:\/\/transformaciondigital.supertransporte.gov.co\/index.php\/informatic\/proyectos-ti\/\">Proyectos TI<\/a><\/h4><p class=\"meta\"><span class=\"vcard\" style=\"display: none;\"><span class=\"fn\"><a href=\"https:\/\/transformaciondigital.supertransporte.gov.co\/index.php\/author\/transformaciondigital\/\" title=\"Entradas de Transformaci\u00f3n Digital\" rel=\"author\">Transformaci\u00f3n Digital<\/a><\/span><\/span><span class=\"updated\" style=\"display:none;\">2025-09-10T18:05:22-05:00<\/span><\/p><p>Gestiona la ejecuci\u00f3n efectiva de proyectos tecnol\u00f3gicos.<\/p><\/div><\/article><article class=\"post fusion-column column col col-lg-12 col-md-12 col-sm-12\"><div class=\"recent-posts-content\"><span class=\"vcard\" style=\"display: none;\"><span class=\"fn\"><a href=\"https:\/\/transformaciondigital.supertransporte.gov.co\/index.php\/author\/transformaciondigital\/\" title=\"Entradas de Transformaci\u00f3n Digital\" rel=\"author\">Transformaci\u00f3n Digital<\/a><\/span><\/span><span class=\"updated\" style=\"display:none;\">2025-09-10T18:06:44-05:00<\/span><h4 class=\"entry-title\"><a href=\"https:\/\/transformaciondigital.supertransporte.gov.co\/index.php\/informatic\/sistemas-de-informacion\/\">Sistemas de Informaci\u00f3n<\/a><\/h4><p class=\"meta\"><span class=\"vcard\" style=\"display: none;\"><span class=\"fn\"><a href=\"https:\/\/transformaciondigital.supertransporte.gov.co\/index.php\/author\/transformaciondigital\/\" title=\"Entradas de Transformaci\u00f3n Digital\" rel=\"author\">Transformaci\u00f3n Digital<\/a><\/span><\/span><span class=\"updated\" style=\"display:none;\">2025-09-10T18:06:44-05:00<\/span><\/p><p>Administra sistemas que respaldan los procesos misionales y de apoyo.<\/p><\/div><\/article><article class=\"post fusion-column column col col-lg-12 col-md-12 col-sm-12\"><div class=\"recent-posts-content\"><span class=\"vcard\" style=\"display: none;\"><span class=\"fn\"><a href=\"https:\/\/transformaciondigital.supertransporte.gov.co\/index.php\/author\/transformaciondigital\/\" title=\"Entradas de Transformaci\u00f3n Digital\" rel=\"author\">Transformaci\u00f3n Digital<\/a><\/span><\/span><span class=\"updated\" style=\"display:none;\">2025-09-10T18:07:51-05:00<\/span><h4 class=\"entry-title\"><a href=\"https:\/\/transformaciondigital.supertransporte.gov.co\/index.php\/informatic\/gestion-de-la-informacion\/\">Gesti\u00f3n de la Informaci\u00f3n<\/a><\/h4><p class=\"meta\"><span class=\"vcard\" style=\"display: none;\"><span class=\"fn\"><a href=\"https:\/\/transformaciondigital.supertransporte.gov.co\/index.php\/author\/transformaciondigital\/\" title=\"Entradas de Transformaci\u00f3n Digital\" rel=\"author\">Transformaci\u00f3n Digital<\/a><\/span><\/span><span class=\"updated\" style=\"display:none;\">2025-09-10T18:07:51-05:00<\/span><\/p><p>Asegura la calidad y uso estrat\u00e9gico de los datos para la toma de decisiones.<\/p><\/div><\/article><article class=\"post fusion-column column col col-lg-12 col-md-12 col-sm-12\"><div class=\"recent-posts-content\"><span class=\"vcard\" style=\"display: none;\"><span class=\"fn\"><a href=\"https:\/\/transformaciondigital.supertransporte.gov.co\/index.php\/author\/transformaciondigital\/\" title=\"Entradas de Transformaci\u00f3n Digital\" rel=\"author\">Transformaci\u00f3n Digital<\/a><\/span><\/span><span class=\"updated\" style=\"display:none;\">2025-09-10T18:09:18-05:00<\/span><h4 class=\"entry-title\"><a href=\"https:\/\/transformaciondigital.supertransporte.gov.co\/index.php\/informatic\/gobierno-ti\/\">Gobierno TI<\/a><\/h4><p class=\"meta\"><span class=\"vcard\" style=\"display: none;\"><span class=\"fn\"><a href=\"https:\/\/transformaciondigital.supertransporte.gov.co\/index.php\/author\/transformaciondigital\/\" title=\"Entradas de Transformaci\u00f3n Digital\" rel=\"author\">Transformaci\u00f3n Digital<\/a><\/span><\/span><span class=\"updated\" style=\"display:none;\">2025-09-10T18:09:18-05:00<\/span><\/p><p>Define lineamientos y pol\u00edticas para el uso estrat\u00e9gico de la tecnolog\u00eda.<\/p><\/div><\/article><article class=\"post fusion-column column col col-lg-12 col-md-12 col-sm-12\"><div class=\"recent-posts-content\"><span class=\"vcard\" style=\"display: none;\"><span class=\"fn\"><a href=\"https:\/\/transformaciondigital.supertransporte.gov.co\/index.php\/author\/transformaciondigital\/\" title=\"Entradas de Transformaci\u00f3n Digital\" rel=\"author\">Transformaci\u00f3n Digital<\/a><\/span><\/span><span class=\"updated\" style=\"display:none;\">2025-09-10T18:09:27-05:00<\/span><h4 class=\"entry-title\"><a href=\"https:\/\/transformaciondigital.supertransporte.gov.co\/index.php\/informatic\/seguridad-de-la-informacion\/\">Seguridad de la informaci\u00f3n<\/a><\/h4><p class=\"meta\"><span class=\"vcard\" style=\"display: none;\"><span class=\"fn\"><a href=\"https:\/\/transformaciondigital.supertransporte.gov.co\/index.php\/author\/transformaciondigital\/\" title=\"Entradas de Transformaci\u00f3n Digital\" rel=\"author\">Transformaci\u00f3n Digital<\/a><\/span><\/span><span class=\"updated\" style=\"display:none;\">2025-09-10T18:09:27-05:00<\/span><\/p><p>Protege los activos digitales frente a riesgos y amenazas. <\/p><\/div><\/article><article class=\"post fusion-column column col col-lg-12 col-md-12 col-sm-12\"><div class=\"recent-posts-content\"><span class=\"vcard\" style=\"display: none;\"><span class=\"fn\"><a href=\"https:\/\/transformaciondigital.supertransporte.gov.co\/index.php\/author\/transformaciondigital\/\" title=\"Entradas de Transformaci\u00f3n Digital\" rel=\"author\">Transformaci\u00f3n Digital<\/a><\/span><\/span><span class=\"updated\" style=\"display:none;\">2025-09-10T18:09:36-05:00<\/span><h4 class=\"entry-title\"><a href=\"https:\/\/transformaciondigital.supertransporte.gov.co\/index.php\/informatic\/servicios-ti\/\">Servicios TI<\/a><\/h4><p class=\"meta\"><span class=\"vcard\" style=\"display: none;\"><span class=\"fn\"><a href=\"https:\/\/transformaciondigital.supertransporte.gov.co\/index.php\/author\/transformaciondigital\/\" title=\"Entradas de Transformaci\u00f3n Digital\" rel=\"author\">Transformaci\u00f3n Digital<\/a><\/span><\/span><span class=\"updated\" style=\"display:none;\">2025-09-10T18:09:36-05:00<\/span><\/p><p>Planeaci\u00f3n, administraci\u00f3n y entrega de servicios tecnol\u00f3gicos apoyando las operaciones de las entidades p\u00fablicas<\/p><\/div><\/article><article class=\"post fusion-column column col col-lg-12 col-md-12 col-sm-12\"><div class=\"recent-posts-content\"><span class=\"vcard\" style=\"display: none;\"><span class=\"fn\"><a href=\"https:\/\/transformaciondigital.supertransporte.gov.co\/index.php\/author\/transformaciondigital\/\" title=\"Entradas de Transformaci\u00f3n Digital\" rel=\"author\">Transformaci\u00f3n Digital<\/a><\/span><\/span><span class=\"updated\" style=\"display:none;\">2025-09-10T18:04:25-05:00<\/span><h4 class=\"entry-title\"><a href=\"https:\/\/transformaciondigital.supertransporte.gov.co\/index.php\/informatic\/innovacion-y-estrategia-de-ti\/\">Innovaci\u00f3n y Estrategia de TI<\/a><\/h4><p class=\"meta\"><span class=\"vcard\" style=\"display: none;\"><span class=\"fn\"><a href=\"https:\/\/transformaciondigital.supertransporte.gov.co\/index.php\/author\/transformaciondigital\/\" title=\"Entradas de Transformaci\u00f3n Digital\" rel=\"author\">Transformaci\u00f3n Digital<\/a><\/span><\/span><span class=\"updated\" style=\"display:none;\">2025-09-10T18:04:25-05:00<\/span><\/p><p>Alinea la estrategia tecnol\u00f3gica institucional y promueve la innovaci\u00f3n<\/p><\/div><\/article><\/section><\/div><\/div><\/div><\/div><\/div><div class=\"fusion-fullwidth fullwidth-box fusion-builder-row-5 fusion-flex-container has-pattern-background has-mask-background nonhundred-percent-fullwidth non-hundred-percent-height-scrolling\" style=\"--awb-border-radius-top-left:0px;--awb-border-radius-top-right:0px;--awb-border-radius-bottom-right:0px;--awb-border-radius-bottom-left:0px;--awb-flex-wrap:wrap;\" ><div class=\"fusion-builder-row fusion-row fusion-flex-align-items-flex-start fusion-flex-content-wrap\" style=\"max-width:104%;margin-left: calc(-4% \/ 2 );margin-right: calc(-4% \/ 2 );\"><div class=\"fusion-layout-column fusion_builder_column fusion-builder-column-6 fusion_builder_column_1_1 1_1 fusion-flex-column\" style=\"--awb-bg-size:cover;--awb-width-large:100%;--awb-margin-top-large:0px;--awb-spacing-right-large:1.92%;--awb-margin-bottom-large:0px;--awb-spacing-left-large:1.92%;--awb-width-medium:100%;--awb-order-medium:0;--awb-spacing-right-medium:1.92%;--awb-spacing-left-medium:1.92%;--awb-width-small:100%;--awb-order-small:0;--awb-spacing-right-small:1.92%;--awb-spacing-left-small:1.92%;\"><div class=\"fusion-column-wrapper fusion-column-has-shadow fusion-flex-justify-content-flex-start fusion-content-layout-column\"><div class=\"fusion-separator fusion-full-width-sep\" style=\"align-self: center;margin-left: auto;margin-right: auto;margin-top:5px;margin-bottom:10px;width:100%;\"><\/div><\/div><\/div><\/div><\/div><\/p>\n","protected":false},"excerpt":{"rendered":"<p>Conoce semana a semana los avances de la oficina TIC de la Supertransporte<\/p>\n","protected":false},"author":11,"featured_media":0,"comment_status":"closed","ping_status":"closed","sticky":false,"template":"","format":"standard","meta":{"footnotes":""},"categories":[262],"tags":[],"class_list":["post-33308","post","type-post","status-publish","format-standard","hentry","category-informatic"],"yoast_head":"<!-- This site is optimized with the Yoast SEO plugin v27.5 - https:\/\/yoast.com\/product\/yoast-seo-wordpress\/ -->\n<title>InformaTIC - SuperTransporte Digital<\/title>\n<meta name=\"robots\" content=\"index, follow, max-snippet:-1, max-image-preview:large, max-video-preview:-1\" \/>\n<link rel=\"canonical\" href=\"https:\/\/transformaciondigital.supertransporte.gov.co\/index.php\/informatic\/informatic\/\" \/>\n<meta property=\"og:locale\" content=\"es_ES\" \/>\n<meta property=\"og:type\" content=\"article\" \/>\n<meta property=\"og:title\" content=\"InformaTIC - SuperTransporte Digital\" \/>\n<meta property=\"og:description\" content=\"Conoce semana a semana los avances de la oficina TIC de la Supertransporte\" \/>\n<meta property=\"og:url\" content=\"https:\/\/transformaciondigital.supertransporte.gov.co\/index.php\/informatic\/informatic\/\" \/>\n<meta property=\"og:site_name\" content=\"SuperTransporte Digital\" \/>\n<meta property=\"article:published_time\" content=\"2025-09-09T17:09:00+00:00\" \/>\n<meta property=\"article:modified_time\" content=\"2025-12-22T14:10:44+00:00\" \/>\n<meta name=\"author\" content=\"Transformaci\u00f3n Digital\" \/>\n<meta name=\"twitter:card\" content=\"summary_large_image\" \/>\n<meta name=\"twitter:label1\" content=\"Escrito por\" \/>\n\t<meta name=\"twitter:data1\" content=\"Transformaci\u00f3n Digital\" \/>\n\t<meta name=\"twitter:label2\" content=\"Tiempo de lectura\" \/>\n\t<meta name=\"twitter:data2\" content=\"3 minutos\" \/>\n<script type=\"application\/ld+json\" class=\"yoast-schema-graph\">{\"@context\":\"https:\\\/\\\/schema.org\",\"@graph\":[{\"@type\":\"Article\",\"@id\":\"https:\\\/\\\/transformaciondigital.supertransporte.gov.co\\\/index.php\\\/informatic\\\/informatic\\\/#article\",\"isPartOf\":{\"@id\":\"https:\\\/\\\/transformaciondigital.supertransporte.gov.co\\\/index.php\\\/informatic\\\/informatic\\\/\"},\"author\":{\"name\":\"Transformaci\u00f3n Digital\",\"@id\":\"https:\\\/\\\/transformaciondigital.supertransporte.gov.co\\\/#\\\/schema\\\/person\\\/0e929419ed5f16acfc0fcbe2d5ef4984\"},\"headline\":\"InformaTIC\",\"datePublished\":\"2025-09-09T17:09:00+00:00\",\"dateModified\":\"2025-12-22T14:10:44+00:00\",\"mainEntityOfPage\":{\"@id\":\"https:\\\/\\\/transformaciondigital.supertransporte.gov.co\\\/index.php\\\/informatic\\\/informatic\\\/\"},\"wordCount\":7107,\"publisher\":{\"@id\":\"https:\\\/\\\/transformaciondigital.supertransporte.gov.co\\\/#organization\"},\"articleSection\":[\"InformaTIC\"],\"inLanguage\":\"es\"},{\"@type\":\"WebPage\",\"@id\":\"https:\\\/\\\/transformaciondigital.supertransporte.gov.co\\\/index.php\\\/informatic\\\/informatic\\\/\",\"url\":\"https:\\\/\\\/transformaciondigital.supertransporte.gov.co\\\/index.php\\\/informatic\\\/informatic\\\/\",\"name\":\"InformaTIC - SuperTransporte Digital\",\"isPartOf\":{\"@id\":\"https:\\\/\\\/transformaciondigital.supertransporte.gov.co\\\/#website\"},\"datePublished\":\"2025-09-09T17:09:00+00:00\",\"dateModified\":\"2025-12-22T14:10:44+00:00\",\"breadcrumb\":{\"@id\":\"https:\\\/\\\/transformaciondigital.supertransporte.gov.co\\\/index.php\\\/informatic\\\/informatic\\\/#breadcrumb\"},\"inLanguage\":\"es\",\"potentialAction\":[{\"@type\":\"ReadAction\",\"target\":[\"https:\\\/\\\/transformaciondigital.supertransporte.gov.co\\\/index.php\\\/informatic\\\/informatic\\\/\"]}]},{\"@type\":\"BreadcrumbList\",\"@id\":\"https:\\\/\\\/transformaciondigital.supertransporte.gov.co\\\/index.php\\\/informatic\\\/informatic\\\/#breadcrumb\",\"itemListElement\":[{\"@type\":\"ListItem\",\"position\":1,\"name\":\"Portada\",\"item\":\"https:\\\/\\\/transformaciondigital.supertransporte.gov.co\\\/\"},{\"@type\":\"ListItem\",\"position\":2,\"name\":\"InformaTIC\"}]},{\"@type\":\"WebSite\",\"@id\":\"https:\\\/\\\/transformaciondigital.supertransporte.gov.co\\\/#website\",\"url\":\"https:\\\/\\\/transformaciondigital.supertransporte.gov.co\\\/\",\"name\":\"SuperTransporte Digital\",\"description\":\"Portal digital de la Superintendencia de Transporte\",\"publisher\":{\"@id\":\"https:\\\/\\\/transformaciondigital.supertransporte.gov.co\\\/#organization\"},\"potentialAction\":[{\"@type\":\"SearchAction\",\"target\":{\"@type\":\"EntryPoint\",\"urlTemplate\":\"https:\\\/\\\/transformaciondigital.supertransporte.gov.co\\\/?s={search_term_string}\"},\"query-input\":{\"@type\":\"PropertyValueSpecification\",\"valueRequired\":true,\"valueName\":\"search_term_string\"}}],\"inLanguage\":\"es\"},{\"@type\":\"Organization\",\"@id\":\"https:\\\/\\\/transformaciondigital.supertransporte.gov.co\\\/#organization\",\"name\":\"Superintendencia de Transporte\",\"url\":\"https:\\\/\\\/transformaciondigital.supertransporte.gov.co\\\/\",\"logo\":{\"@type\":\"ImageObject\",\"inLanguage\":\"es\",\"@id\":\"https:\\\/\\\/transformaciondigital.supertransporte.gov.co\\\/#\\\/schema\\\/logo\\\/image\\\/\",\"url\":\"https:\\\/\\\/www.supertransporte.gov.co\\\/wp-content\\\/uploads\\\/2019\\\/02\\\/Mesa-de-trabajo-2.png\",\"contentUrl\":\"https:\\\/\\\/www.supertransporte.gov.co\\\/wp-content\\\/uploads\\\/2019\\\/02\\\/Mesa-de-trabajo-2.png\",\"width\":58,\"height\":58,\"caption\":\"Superintendencia de Transporte\"},\"image\":{\"@id\":\"https:\\\/\\\/transformaciondigital.supertransporte.gov.co\\\/#\\\/schema\\\/logo\\\/image\\\/\"}},{\"@type\":\"Person\",\"@id\":\"https:\\\/\\\/transformaciondigital.supertransporte.gov.co\\\/#\\\/schema\\\/person\\\/0e929419ed5f16acfc0fcbe2d5ef4984\",\"name\":\"Transformaci\u00f3n Digital\",\"image\":{\"@type\":\"ImageObject\",\"inLanguage\":\"es\",\"@id\":\"https:\\\/\\\/secure.gravatar.com\\\/avatar\\\/0c1c6f47d9a068555d2283141b1e7217f3058d1813b2f2d1c8475f626d628871?s=96&d=mm&r=g\",\"url\":\"https:\\\/\\\/secure.gravatar.com\\\/avatar\\\/0c1c6f47d9a068555d2283141b1e7217f3058d1813b2f2d1c8475f626d628871?s=96&d=mm&r=g\",\"contentUrl\":\"https:\\\/\\\/secure.gravatar.com\\\/avatar\\\/0c1c6f47d9a068555d2283141b1e7217f3058d1813b2f2d1c8475f626d628871?s=96&d=mm&r=g\",\"caption\":\"Transformaci\u00f3n Digital\"},\"url\":\"https:\\\/\\\/transformaciondigital.supertransporte.gov.co\\\/index.php\\\/author\\\/transformaciondigital\\\/\"}]}<\/script>\n<!-- \/ Yoast SEO plugin. -->","yoast_head_json":{"title":"InformaTIC - SuperTransporte Digital","robots":{"index":"index","follow":"follow","max-snippet":"max-snippet:-1","max-image-preview":"max-image-preview:large","max-video-preview":"max-video-preview:-1"},"canonical":"https:\/\/transformaciondigital.supertransporte.gov.co\/index.php\/informatic\/informatic\/","og_locale":"es_ES","og_type":"article","og_title":"InformaTIC - SuperTransporte Digital","og_description":"Conoce semana a semana los avances de la oficina TIC de la Supertransporte","og_url":"https:\/\/transformaciondigital.supertransporte.gov.co\/index.php\/informatic\/informatic\/","og_site_name":"SuperTransporte Digital","article_published_time":"2025-09-09T17:09:00+00:00","article_modified_time":"2025-12-22T14:10:44+00:00","author":"Transformaci\u00f3n Digital","twitter_card":"summary_large_image","twitter_misc":{"Escrito por":"Transformaci\u00f3n Digital","Tiempo de lectura":"3 minutos"},"schema":{"@context":"https:\/\/schema.org","@graph":[{"@type":"Article","@id":"https:\/\/transformaciondigital.supertransporte.gov.co\/index.php\/informatic\/informatic\/#article","isPartOf":{"@id":"https:\/\/transformaciondigital.supertransporte.gov.co\/index.php\/informatic\/informatic\/"},"author":{"name":"Transformaci\u00f3n Digital","@id":"https:\/\/transformaciondigital.supertransporte.gov.co\/#\/schema\/person\/0e929419ed5f16acfc0fcbe2d5ef4984"},"headline":"InformaTIC","datePublished":"2025-09-09T17:09:00+00:00","dateModified":"2025-12-22T14:10:44+00:00","mainEntityOfPage":{"@id":"https:\/\/transformaciondigital.supertransporte.gov.co\/index.php\/informatic\/informatic\/"},"wordCount":7107,"publisher":{"@id":"https:\/\/transformaciondigital.supertransporte.gov.co\/#organization"},"articleSection":["InformaTIC"],"inLanguage":"es"},{"@type":"WebPage","@id":"https:\/\/transformaciondigital.supertransporte.gov.co\/index.php\/informatic\/informatic\/","url":"https:\/\/transformaciondigital.supertransporte.gov.co\/index.php\/informatic\/informatic\/","name":"InformaTIC - SuperTransporte Digital","isPartOf":{"@id":"https:\/\/transformaciondigital.supertransporte.gov.co\/#website"},"datePublished":"2025-09-09T17:09:00+00:00","dateModified":"2025-12-22T14:10:44+00:00","breadcrumb":{"@id":"https:\/\/transformaciondigital.supertransporte.gov.co\/index.php\/informatic\/informatic\/#breadcrumb"},"inLanguage":"es","potentialAction":[{"@type":"ReadAction","target":["https:\/\/transformaciondigital.supertransporte.gov.co\/index.php\/informatic\/informatic\/"]}]},{"@type":"BreadcrumbList","@id":"https:\/\/transformaciondigital.supertransporte.gov.co\/index.php\/informatic\/informatic\/#breadcrumb","itemListElement":[{"@type":"ListItem","position":1,"name":"Portada","item":"https:\/\/transformaciondigital.supertransporte.gov.co\/"},{"@type":"ListItem","position":2,"name":"InformaTIC"}]},{"@type":"WebSite","@id":"https:\/\/transformaciondigital.supertransporte.gov.co\/#website","url":"https:\/\/transformaciondigital.supertransporte.gov.co\/","name":"SuperTransporte Digital","description":"Portal digital de la Superintendencia de Transporte","publisher":{"@id":"https:\/\/transformaciondigital.supertransporte.gov.co\/#organization"},"potentialAction":[{"@type":"SearchAction","target":{"@type":"EntryPoint","urlTemplate":"https:\/\/transformaciondigital.supertransporte.gov.co\/?s={search_term_string}"},"query-input":{"@type":"PropertyValueSpecification","valueRequired":true,"valueName":"search_term_string"}}],"inLanguage":"es"},{"@type":"Organization","@id":"https:\/\/transformaciondigital.supertransporte.gov.co\/#organization","name":"Superintendencia de Transporte","url":"https:\/\/transformaciondigital.supertransporte.gov.co\/","logo":{"@type":"ImageObject","inLanguage":"es","@id":"https:\/\/transformaciondigital.supertransporte.gov.co\/#\/schema\/logo\/image\/","url":"https:\/\/www.supertransporte.gov.co\/wp-content\/uploads\/2019\/02\/Mesa-de-trabajo-2.png","contentUrl":"https:\/\/www.supertransporte.gov.co\/wp-content\/uploads\/2019\/02\/Mesa-de-trabajo-2.png","width":58,"height":58,"caption":"Superintendencia de Transporte"},"image":{"@id":"https:\/\/transformaciondigital.supertransporte.gov.co\/#\/schema\/logo\/image\/"}},{"@type":"Person","@id":"https:\/\/transformaciondigital.supertransporte.gov.co\/#\/schema\/person\/0e929419ed5f16acfc0fcbe2d5ef4984","name":"Transformaci\u00f3n Digital","image":{"@type":"ImageObject","inLanguage":"es","@id":"https:\/\/secure.gravatar.com\/avatar\/0c1c6f47d9a068555d2283141b1e7217f3058d1813b2f2d1c8475f626d628871?s=96&d=mm&r=g","url":"https:\/\/secure.gravatar.com\/avatar\/0c1c6f47d9a068555d2283141b1e7217f3058d1813b2f2d1c8475f626d628871?s=96&d=mm&r=g","contentUrl":"https:\/\/secure.gravatar.com\/avatar\/0c1c6f47d9a068555d2283141b1e7217f3058d1813b2f2d1c8475f626d628871?s=96&d=mm&r=g","caption":"Transformaci\u00f3n Digital"},"url":"https:\/\/transformaciondigital.supertransporte.gov.co\/index.php\/author\/transformaciondigital\/"}]}},"_links":{"self":[{"href":"https:\/\/transformaciondigital.supertransporte.gov.co\/index.php\/wp-json\/wp\/v2\/posts\/33308","targetHints":{"allow":["GET"]}}],"collection":[{"href":"https:\/\/transformaciondigital.supertransporte.gov.co\/index.php\/wp-json\/wp\/v2\/posts"}],"about":[{"href":"https:\/\/transformaciondigital.supertransporte.gov.co\/index.php\/wp-json\/wp\/v2\/types\/post"}],"author":[{"embeddable":true,"href":"https:\/\/transformaciondigital.supertransporte.gov.co\/index.php\/wp-json\/wp\/v2\/users\/11"}],"replies":[{"embeddable":true,"href":"https:\/\/transformaciondigital.supertransporte.gov.co\/index.php\/wp-json\/wp\/v2\/comments?post=33308"}],"version-history":[{"count":51,"href":"https:\/\/transformaciondigital.supertransporte.gov.co\/index.php\/wp-json\/wp\/v2\/posts\/33308\/revisions"}],"predecessor-version":[{"id":33647,"href":"https:\/\/transformaciondigital.supertransporte.gov.co\/index.php\/wp-json\/wp\/v2\/posts\/33308\/revisions\/33647"}],"wp:attachment":[{"href":"https:\/\/transformaciondigital.supertransporte.gov.co\/index.php\/wp-json\/wp\/v2\/media?parent=33308"}],"wp:term":[{"taxonomy":"category","embeddable":true,"href":"https:\/\/transformaciondigital.supertransporte.gov.co\/index.php\/wp-json\/wp\/v2\/categories?post=33308"},{"taxonomy":"post_tag","embeddable":true,"href":"https:\/\/transformaciondigital.supertransporte.gov.co\/index.php\/wp-json\/wp\/v2\/tags?post=33308"}],"curies":[{"name":"wp","href":"https:\/\/api.w.org\/{rel}","templated":true}]}}